{"id":23618,"date":"2025-04-14T14:13:54","date_gmt":"2025-04-14T11:13:54","guid":{"rendered":"https:\/\/filtri.fi\/mvhr-filterklasser-vad-ar-skillnaden-och-hur-valjer-man-ratt\/"},"modified":"2026-04-15T11:11:15","modified_gmt":"2026-04-15T08:11:15","slug":"mvhr-filterklasser-vad-ar-skillnaden-och-hur-valjer-man-ratt","status":"publish","type":"post","link":"https:\/\/filtri.fi\/sv\/mvhr-filterklasser-vad-ar-skillnaden-och-hur-valjer-man-ratt\/","title":{"rendered":"MVHR-filterklasser. Vad \u00e4r skillnaden och hur v\u00e4ljer man r\u00e4tt?"},"content":{"rendered":"\n<h3 class=\"wp-block-heading\" style=\"font-size:26px\">Varf\u00f6r det \u00e4r viktigt att v\u00e4lja r\u00e4tt filter<\/h3>\n\n<p>Efter att ha fattat det utm\u00e4rkta beslutet att \u00f6verl\u00e5ta luftrenheten i ditt hem eller p\u00e5 din arbetsplats till ett <strong>MVHR-system (mekanisk ventilation med v\u00e4rme\u00e5tervinning<\/strong> ) har du sannolikt uppt\u00e4ckt att det inte r\u00e4cker med att bara installera enheten. F\u00f6r att s\u00e4kerst\u00e4lla att luften i ditt utrymme f\u00f6rblir s\u00e5 ren och h\u00e4lsosam som m\u00f6jligt \u00e4r det viktigt att <strong>regelbundet byta ut filtren<\/strong> i din ventilationsenhet. <\/p>\n\n<p>Som tur \u00e4r \u00e4r filterbytet en <strong>enkel<\/strong> process som <strong>inte kr\u00e4ver n\u00e5gra specialverktyg eller tekniska f\u00e4rdigheter<\/strong>. Att v\u00e4lja r\u00e4tt filter kan dock k\u00e4nnas \u00f6verv\u00e4ldigande om man inte har r\u00e4tt information. <\/p>\n\n<h3 class=\"wp-block-heading\">Vilket filter anv\u00e4nder mitt MVHR-system?<\/h3>\n\n<p>N\u00e4r du letar efter ett ers\u00e4ttningsfilter \u00e4r det f\u00f6rsta du ska kontrollera <strong>tillverkaren och modellen f\u00f6r<\/strong> din MVHR-enhet. Olika system anv\u00e4nder olika storlekar och typer av filter. Det \u00e4r ocks\u00e5 viktigt att f\u00f6rst\u00e5 att ett MVHR-system filtrerar b\u00e5de:  <\/p>\n\n<ul class=\"wp-block-list\">\n<li><strong>Inkommande luft (tilluft)<\/strong> fr\u00e5n utsidan<\/li>\n\n\n\n<li><strong>Utg\u00e5ende luft (fr\u00e5nluft)<\/strong> inifr\u00e5n ditt hem eller din byggnad<\/li>\n<\/ul>\n\n<p>Eftersom <strong>utomhusluften tenderar att inneh\u00e5lla mer skadliga f\u00f6roreningar<\/strong> kr\u00e4vs det vanligtvis <strong>filter av h\u00f6gre klass<\/strong> f\u00f6r att f\u00e5nga upp mindre och farligare partiklar (som r\u00f6k eller sot). Fr\u00e5nluften <strong>inomhus<\/strong> \u00e4r d\u00e4remot ofta mindre f\u00f6rorenad, men m\u00e5ste \u00e4nd\u00e5 filtreras f\u00f6r att <strong>skydda de interna komponenterna<\/strong> i systemet fr\u00e5n damm och ansamlingar. <\/p>\n\n<h2 class=\"wp-block-heading\">Vad indikerar MVHR-filterklass?<\/h2>\n\n<p>F\u00f6r att v\u00e4lja r\u00e4tt filter b\u00f6r du kontrollera om det uppfyller <strong>internationella filtreringsstandarder<\/strong>. Denna information finns ofta tryckt direkt p\u00e5 filtret eller i dess produktspecifikationer. <\/p>\n\n<ul class=\"wp-block-list\">\n<li><strong>F\u00f6re 2016<\/strong>: Filter klassificerades med hj\u00e4lp av standarden <strong>EN 779<\/strong>.<\/li>\n\n\n\n<li><strong>Efter 2016<\/strong>: Filtren f\u00f6ljer <strong>ISO 16890-standarden<\/strong>.<\/li>\n<\/ul>\n\n<h3 class=\"wp-block-heading\">De viktigaste skillnaderna mellan EN 779 och ISO 16890:<\/h3>\n\n<figure class=\"wp-block-table\"><table class=\"has-fixed-layout\"><thead><tr><th>EN 779<\/th><th>ISO 16890<\/th><\/tr><\/thead><tbody><tr><td>M\u00e4tning av <strong>en enda partikelstorlek<\/strong> (~0,4 \u00b5m)<\/td><td>M\u00e4ter <strong>tre storleksintervall<\/strong> (PM10, PM2.5, PM1)<\/td><\/tr><tr><td>Filterklasser: G1-G4, M5-M6, F7-F9<\/td><td>Klasser: ISO Grov, ISO ePM10, ePM2.5, ePM1<\/td><\/tr><tr><td>Mindre \u00e5terspeglande av verkliga f\u00f6rh\u00e5llanden<\/td><td><strong>Mer exakt och h\u00e4lsorelevant<\/strong><\/td><\/tr><\/tbody><\/table><\/figure>\n\n<h3 class=\"wp-block-heading\">Filterklassificeringar baserade p\u00e5 partikelstorlek<\/h3>\n\n<p>Enligt ISO 16890 utv\u00e4rderas filter baserat p\u00e5 hur effektivt de f\u00e5ngar upp <strong>partiklar (PM)<\/strong> i tre kritiska storleksintervall:<\/p>\n\n<ul class=\"wp-block-list\">\n<li><strong>PM10 (\u226410 \u00b5m)<\/strong> &#8211; t.ex. pollen, m\u00f6gelsporer, dammkvalster<\/li>\n\n\n\n<li><strong>PM2,5 (\u22642,5 \u00b5m)<\/strong> &#8211; t.ex. bakterier, smog, fint damm<\/li>\n\n\n\n<li><strong>PM1 (\u22641 \u00b5m)<\/strong> &#8211; t.ex. f\u00f6rbr\u00e4nningspartiklar, virus, r\u00f6k<\/li>\n<\/ul>\n\n<p>Varje filterklass \u00e4r m\u00e4rkt baserat p\u00e5 den <strong>l\u00e4gsta 50%-iga avskiljningseffektiviteten<\/strong> f\u00f6r den partikelstorlekskategorin (t.ex. ePM1 \u226580%).<\/p>\n\n<p>F\u00f6r detaljerad j\u00e4mf\u00f6relse och referens, se den <strong>fullst\u00e4ndiga klassificeringstabellen<\/strong> nedan:<\/p>\n\n<figure class=\"wp-block-gallery has-nested-images columns-default is-cropped wp-block-gallery-1 is-layout-flex wp-block-gallery-is-layout-flex\">\n<figure class=\"wp-block-image size-full\"><img decoding=\"async\" width=\"1024\" height=\"400\" data-id=\"25646\" src=\"https:\/\/filtri.fi\/wp-content\/uploads\/2025\/04\/Efficiency-table-2-1024x400.png-1.webp\" alt=\"\" class=\"wp-image-25646\" srcset=\"https:\/\/filtri.fi\/wp-content\/uploads\/2025\/04\/Efficiency-table-2-1024x400.png-1.webp 1024w, https:\/\/filtri.fi\/wp-content\/uploads\/2025\/04\/Efficiency-table-2-1024x400.png-1-300x117.webp 300w, https:\/\/filtri.fi\/wp-content\/uploads\/2025\/04\/Efficiency-table-2-1024x400.png-1-768x300.webp 768w, https:\/\/filtri.fi\/wp-content\/uploads\/2025\/04\/Efficiency-table-2-1024x400.png-1-600x234.webp 600w\" sizes=\"(max-width: 1024px) 100vw, 1024px\" \/><\/figure>\n<\/figure>\n\n<blockquote class=\"wp-block-quote is-layout-flow wp-block-quote-is-layout-flow\">\n<blockquote class=\"wp-block-quote is-layout-flow wp-block-quote-is-layout-flow\">\n<blockquote class=\"wp-block-quote is-layout-flow wp-block-quote-is-layout-flow\">\n<blockquote class=\"wp-block-quote is-layout-flow wp-block-quote-is-layout-flow\">\n<p>PM1-partiklar \u00e4r de farligaste f\u00f6r h\u00e4lsan, eftersom de kan tr\u00e4nga djupt ner i lungorna och till och med komma in i blodomloppet.<\/p>\n<\/blockquote>\n<\/blockquote>\n<\/blockquote>\n<\/blockquote>\n\n<h3 class=\"wp-block-heading\">N\u00e4r ska du v\u00e4lja aktivt kolfilter?<\/h3>\n\n<p>Filtren ovan hanterar <strong>partiklar<\/strong>, men vissa skadliga f\u00f6roreningar finns som <strong>gaser<\/strong> &#8211; inklusive ozon, kv\u00e4vedioxid (NO\u2082), VOC (t.ex. formaldehyd) och matlagnings- eller cigarettlukt. Dessa <strong>kan inte f\u00e5ngas upp av vanliga partikelfilter<\/strong>. <\/p>\n\n<p>Det \u00e4r d\u00e4r <strong>filter med aktivt kol<\/strong> kommer in i bilden:<\/p>\n\n<ul class=\"wp-block-list\">\n<li>Tillverkad av por\u00f6st kolmaterial som <strong>adsorberar gaser och lukter<\/strong><\/li>\n\n\n\n<li>Anv\u00e4nds ofta <strong>i kombination med partikelfilter F7-F9<\/strong><\/li>\n\n\n\n<li>Idealisk f\u00f6r <strong>k\u00f6k, stadshem, verkst\u00e4der eller r\u00f6kutsatta omr\u00e5den<\/strong><\/li>\n<\/ul>\n\n<h3 class=\"wp-block-heading\">\u00c4r du fortfarande inte s\u00e4ker p\u00e5 vilket filter du beh\u00f6ver?<\/h3>\n\n<p>Om du fortfarande \u00e4r os\u00e4ker p\u00e5 vilken filterklass som \u00e4r r\u00e4tt f\u00f6r ditt MVHR-system beh\u00f6ver du inte oroa dig. <a href=\"https:\/\/filtriturg.ee\/contact-us\/\" target=\"_blank\" rel=\"noopener\">Kontakta<\/a> oss bara via de angivna uppgifterna s\u00e5 hj\u00e4lper vi dig g\u00e4rna: <\/p>\n\n<ul class=\"wp-block-list\">\n<li>V\u00e4lj r\u00e4tt filterklass<\/li>\n\n\n\n<li>F\u00f6rst\u00e5 skillnader i partikel- och gasfiltrering<\/li>\n\n\n\n<li>F\u00e5 b\u00e4sta m\u00f6jliga luftkvalitet f\u00f6r ditt utrymme<\/li>\n<\/ul>\n\n<p><\/p>\n","protected":false},"excerpt":{"rendered":"<p>Varf\u00f6r det \u00e4r viktigt att v\u00e4lja r\u00e4tt filter Efter att ha fattat det utm\u00e4rkta beslutet att \u00f6verl\u00e5ta luftrenheten i ditt hem eller p\u00e5 din arbetsplats till ett MVHR-system (mekanisk ventilation med v\u00e4rme\u00e5tervinning ) har du sannolikt uppt\u00e4ckt att det inte r\u00e4cker med att bara installera enheten. F\u00f6r att s\u00e4kerst\u00e4lla att luften i ditt utrymme f\u00f6rblir [&hellip;]<\/p>\n","protected":false},"author":9,"featured_media":25483,"comment_status":"closed","ping_status":"closed","sticky":false,"template":"","format":"standard","meta":{"footnotes":""},"categories":[10367],"tags":[],"class_list":["post-23618","post","type-post","status-publish","format-standard","has-post-thumbnail","hentry","category-hur-gor-man"],"_links":{"self":[{"href":"https:\/\/filtri.fi\/sv\/wp-json\/wp\/v2\/posts\/23618","targetHints":{"allow":["GET"]}}],"collection":[{"href":"https:\/\/filtri.fi\/sv\/wp-json\/wp\/v2\/posts"}],"about":[{"href":"https:\/\/filtri.fi\/sv\/wp-json\/wp\/v2\/types\/post"}],"author":[{"embeddable":true,"href":"https:\/\/filtri.fi\/sv\/wp-json\/wp\/v2\/users\/9"}],"replies":[{"embeddable":true,"href":"https:\/\/filtri.fi\/sv\/wp-json\/wp\/v2\/comments?post=23618"}],"version-history":[{"count":2,"href":"https:\/\/filtri.fi\/sv\/wp-json\/wp\/v2\/posts\/23618\/revisions"}],"predecessor-version":[{"id":25649,"href":"https:\/\/filtri.fi\/sv\/wp-json\/wp\/v2\/posts\/23618\/revisions\/25649"}],"wp:featuredmedia":[{"embeddable":true,"href":"https:\/\/filtri.fi\/sv\/wp-json\/wp\/v2\/media\/25483"}],"wp:attachment":[{"href":"https:\/\/filtri.fi\/sv\/wp-json\/wp\/v2\/media?parent=23618"}],"wp:term":[{"taxonomy":"category","embeddable":true,"href":"https:\/\/filtri.fi\/sv\/wp-json\/wp\/v2\/categories?post=23618"},{"taxonomy":"post_tag","embeddable":true,"href":"https:\/\/filtri.fi\/sv\/wp-json\/wp\/v2\/tags?post=23618"}],"curies":[{"name":"wp","href":"https:\/\/api.w.org\/{rel}","templated":true}]}}